{"id":1945,"date":"2023-07-20T08:22:57","date_gmt":"2023-07-20T08:22:57","guid":{"rendered":"https:\/\/mulgielamuskeskus.ee\/koncerts-jaan-soot-17-augusta-plkst-1900-saja-augusta-nakti-tumsa-liela-top\/"},"modified":"2023-08-22T17:38:55","modified_gmt":"2023-08-22T17:38:55","slug":"koncerts-jaan-soot-17-augusta-plkst-1900-saja-augusta-nakti-tumsa-liela-top","status":"publish","type":"post","link":"https:\/\/mulgielamuskeskus.ee\/lv\/koncerts-jaan-soot-17-augusta-plkst-1900-saja-augusta-nakti-tumsa-liela-top\/","title":{"rendered":"Koncerts: JAAN S\u00d6\u00d6T | 17. august\u0101 plkst. 19:00 | \u0160aj\u0101 augusta nakt\u012b tumsa liela top"},"content":{"rendered":"\t\t<div data-elementor-type=\"wp-post\" data-elementor-id=\"1945\" class=\"elementor elementor-1945 elementor-1509\" data-elementor-post-type=\"post\">\n\t\t\t\t\t\t<section class=\"elementor-section elementor-top-section elementor-element elementor-element-544ea572 elementor-section-boxed elementor-section-height-default elementor-section-height-default\" data-id=\"544ea572\" data-element_type=\"section\" data-e-type=\"section\">\n\t\t\t\t\t\t<div class=\"elementor-container elementor-column-gap-default\">\n\t\t\t\t\t<div class=\"elementor-column elementor-col-100 elementor-top-column elementor-element elementor-element-78843a00\" data-id=\"78843a00\" data-element_type=\"column\" data-e-type=\"column\">\n\t\t\t<div class=\"elementor-widget-wrap elementor-element-populated\">\n\t\t\t\t\t\t<div class=\"elementor-element elementor-element-3c22d2c2 elementor-widget elementor-widget-text-editor\" data-id=\"3c22d2c2\" data-element_type=\"widget\" data-e-type=\"widget\" data-widget_type=\"text-editor.default\">\n\t\t\t\t<div class=\"elementor-widget-container\">\n\t\t\t\t\t\t\t\t\t<p style=\"text-align: center;\"><strong>N\u0101c un pavadi skaistu augusta vakaru Mulgu piedz\u012bvojumu centr\u0101 kop\u0101 ar Jaan S\u00f6\u00f6t!<\/strong><\/p>\n<p style=\"text-align: center;\">17.\u00a0august\u0101 no plkst. 19:00 Jaan S\u00f6\u00f6t sniegs br\u012bni\u0161\u0137\u012bgu koncertu &#8220;\u0160aj\u0101 augusta nakt\u012b tumsa liela top&#8221;.<br \/>Koncerta norises vieta, protams, ir m\u016bsu jaukais <b>Mulgu piedz\u012bvojumu centrs<\/b>, kas apmekl\u0113t\u0101jiem pied\u0101v\u0101 iesp\u0113ju atkl\u0101t Mulgim\u0101.<\/p>\n<p style=\"text-align: center;\"><b>Koncerta bi\u013cetes cen\u0101 iek\u013cauts pasaules unik\u0101l\u0101k\u0101 Mulgu piedz\u012bvojumu centra apmekl\u0113jums!<br \/><\/b>Aizraujo\u0161i mulgu st\u0101sti, v\u0113sture, mitolo\u0123ija un izklaide visai \u0123imenei \u2013 protams, tas viss Mulgu piedz\u012bvojumu centr\u0101.<\/p>\n<p style=\"text-align: center;\">Koncerts notiek m\u0101j\u012bg\u0101 \u0101ra telt\u012b, kas pasarg\u0101s no augusta lietus \u0161alt\u012bm un v\u0113ja br\u0101zm\u0101m.<\/p>\n<p style=\"text-align: center;\">Koncerta apmekl\u0113t\u0101jiem Mulgu piedz\u012bvojumu centra v\u0101rti tiks atv\u0113rti plkst. 18:00.<\/p>\n<p style=\"text-align: center;\"><strong>Ieg\u0101d\u0101jieties bi\u013cetes vid\u0113 <a href=\"https:\/\/piletikeskus.ee\/et\/sj6es7\">Piletikeskus.ee<\/a>, iepriek\u0161p\u0101rdo\u0161an\u0101 bi\u013ce\u0161u cena 20\u20ac, p\u0113rkot uz vietas \u2013 25\u20ac.<br \/><\/strong><em>B\u0113rniem l\u012bdz 12 gadu vecumam (ieskaitot) pas\u0101kums ir bez maksas.\u00a0<\/em><\/p>\n<p style=\"text-align: center;\">Uz vietas ir atv\u0113rta ar\u012b m\u016bsu m\u0101j\u012bg\u0101 kafejn\u012bca, kas pied\u0101v\u0101 gardus tradicion\u0101los mulgu \u0113dienus un atspirdzino\u0161us dz\u0113rienus.<\/p>\n<p style=\"text-align: center;\">\u00a0<\/p>\n<p style=\"text-align: center;\">\u00a0<\/p>\n\t\t\t\t\t\t\t\t<\/div>\n\t\t\t\t<\/div>\n\t\t\t\t\t<\/div>\n\t\t<\/div>\n\t\t\t\t\t<\/div>\n\t\t<\/section>\n\t\t<div class=\"elementor-element elementor-element-7a0229e e-flex e-con-boxed e-con e-parent\" data-id=\"7a0229e\" data-element_type=\"container\" data-e-type=\"container\">\n\t\t\t\t\t<div class=\"e-con-inner\">\n\t\t\t\t<div class=\"elementor-element elementor-element-d1058ad elementor-widget elementor-widget-image\" data-id=\"d1058ad\" data-element_type=\"widget\" data-e-type=\"widget\" data-widget_type=\"image.default\">\n\t\t\t\t<div class=\"elementor-widget-container\">\n\t\t\t\t\t\t\t\t\t\t\t\t\t\t\t<img fetchpriority=\"high\" decoding=\"async\" width=\"1024\" height=\"576\" src=\"https:\/\/mulgielamuskeskus.ee\/wp-content\/uploads\/2023\/07\/PIletikeskeskus-4-1024x576.png\" class=\"attachment-large size-large wp-image-1694\" alt=\"\" srcset=\"https:\/\/mulgielamuskeskus.ee\/wp-content\/uploads\/2023\/07\/PIletikeskeskus-4-1024x576.png 1024w, https:\/\/mulgielamuskeskus.ee\/wp-content\/uploads\/2023\/07\/PIletikeskeskus-4-300x169.png 300w, https:\/\/mulgielamuskeskus.ee\/wp-content\/uploads\/2023\/07\/PIletikeskeskus-4-768x432.png 768w, https:\/\/mulgielamuskeskus.ee\/wp-content\/uploads\/2023\/07\/PIletikeskeskus-4-1536x864.png 1536w, https:\/\/mulgielamuskeskus.ee\/wp-content\/uploads\/2023\/07\/PIletikeskeskus-4.png 1920w\" sizes=\"(max-width: 1024px) 100vw, 1024px\" \/>\t\t\t\t\t\t\t\t\t\t\t\t\t\t\t<\/div>\n\t\t\t\t<\/div>\n\t\t\t\t\t<\/div>\n\t\t\t\t<\/div>\n\t\t\t\t<\/div>\n\t\t","protected":false},"excerpt":{"rendered":"<p>N\u0101c un pavadi skaistu augusta vakaru Mulgu piedz\u012bvojumu centr\u0101 kop\u0101 ar Jaan S\u00f6\u00f6t&#8230;<\/p>\n","protected":false},"author":4,"featured_media":1692,"comment_status":"open","ping_status":"open","sticky":false,"template":"","format":"standard","meta":{"footnotes":""},"categories":[30],"tags":[],"class_list":["post-1945","post","type-post","status-publish","format-standard","has-post-thumbnail","hentry","category-notikumi"],"yoast_head":"<!-- This site is optimized with the Yoast SEO plugin v27.5 - https:\/\/yoast.com\/product\/yoast-seo-wordpress\/ -->\n<title>Koncerts: JAAN S\u00d6\u00d6T | 17. august\u0101 plkst. 19:00 | \u0160aj\u0101 augusta nakt\u012b tumsa liela top | Mulgi Elamuskeskus<\/title>\n<meta name=\"robots\" content=\"index, follow, max-snippet:-1, max-image-preview:large, max-video-preview:-1\" \/>\n<link rel=\"canonical\" href=\"https:\/\/mulgielamuskeskus.ee\/lv\/koncerts-jaan-soot-17-augusta-plkst-1900-saja-augusta-nakti-tumsa-liela-top\/\" \/>\n<meta property=\"og:locale\" content=\"lv_LV\" \/>\n<meta property=\"og:type\" content=\"article\" \/>\n<meta property=\"og:title\" content=\"Koncerts: JAAN S\u00d6\u00d6T | 17. august\u0101 plkst. 19:00 | \u0160aj\u0101 augusta nakt\u012b tumsa liela top | Mulgi Elamuskeskus\" \/>\n<meta property=\"og:description\" content=\"N\u0101c un pavadi skaistu augusta vakaru Mulgu piedz\u012bvojumu centr\u0101 kop\u0101 ar Jaan S\u00f6\u00f6t...\" \/>\n<meta property=\"og:url\" content=\"https:\/\/mulgielamuskeskus.ee\/lv\/koncerts-jaan-soot-17-augusta-plkst-1900-saja-augusta-nakti-tumsa-liela-top\/\" \/>\n<meta property=\"og:site_name\" content=\"Mulgi Elamuskeskus\" \/>\n<meta property=\"article:publisher\" content=\"https:\/\/www.facebook.com\/mulgielamuskeskus\" \/>\n<meta property=\"article:published_time\" content=\"2023-07-20T08:22:57+00:00\" \/>\n<meta property=\"article:modified_time\" content=\"2023-08-22T17:38:55+00:00\" \/>\n<meta property=\"og:image\" content=\"https:\/\/mulgielamuskeskus.ee\/wp-content\/uploads\/2023\/07\/Kodulehekulg-4.png\" \/>\n\t<meta property=\"og:image:width\" content=\"1080\" \/>\n\t<meta property=\"og:image:height\" content=\"1080\" \/>\n\t<meta property=\"og:image:type\" content=\"image\/png\" \/>\n<meta name=\"author\" content=\"Sandra k\u00f5ressaar\" \/>\n<meta name=\"twitter:card\" content=\"summary_large_image\" \/>\n<meta name=\"twitter:label1\" content=\"Written by\" \/>\n\t<meta name=\"twitter:data1\" content=\"Sandra k\u00f5ressaar\" \/>\n\t<meta name=\"twitter:label2\" content=\"Est. reading time\" \/>\n\t<meta name=\"twitter:data2\" content=\"1 minute\" \/>\n<script type=\"application\/ld+json\" class=\"yoast-schema-graph\">{\"@context\":\"https:\\\/\\\/schema.org\",\"@graph\":[{\"@type\":\"Article\",\"@id\":\"https:\\\/\\\/mulgielamuskeskus.ee\\\/lv\\\/koncerts-jaan-soot-17-augusta-plkst-1900-saja-augusta-nakti-tumsa-liela-top\\\/#article\",\"isPartOf\":{\"@id\":\"https:\\\/\\\/mulgielamuskeskus.ee\\\/lv\\\/koncerts-jaan-soot-17-augusta-plkst-1900-saja-augusta-nakti-tumsa-liela-top\\\/\"},\"author\":{\"name\":\"Sandra k\u00f5ressaar\",\"@id\":\"https:\\\/\\\/mulgielamuskeskus.ee\\\/#\\\/schema\\\/person\\\/0d0f106c52f9cb7be40dd1314105844e\"},\"headline\":\"Koncerts: JAAN S\u00d6\u00d6T | 17. august\u0101 plkst. 19:00 | \u0160aj\u0101 augusta nakt\u012b tumsa liela top\",\"datePublished\":\"2023-07-20T08:22:57+00:00\",\"dateModified\":\"2023-08-22T17:38:55+00:00\",\"mainEntityOfPage\":{\"@id\":\"https:\\\/\\\/mulgielamuskeskus.ee\\\/lv\\\/koncerts-jaan-soot-17-augusta-plkst-1900-saja-augusta-nakti-tumsa-liela-top\\\/\"},\"wordCount\":197,\"commentCount\":0,\"publisher\":{\"@id\":\"https:\\\/\\\/mulgielamuskeskus.ee\\\/#organization\"},\"image\":{\"@id\":\"https:\\\/\\\/mulgielamuskeskus.ee\\\/lv\\\/koncerts-jaan-soot-17-augusta-plkst-1900-saja-augusta-nakti-tumsa-liela-top\\\/#primaryimage\"},\"thumbnailUrl\":\"https:\\\/\\\/mulgielamuskeskus.ee\\\/wp-content\\\/uploads\\\/2023\\\/07\\\/Kodulehekulg-4.png\",\"articleSection\":[\"Notikumi\"],\"inLanguage\":\"lv-LV\",\"potentialAction\":[{\"@type\":\"CommentAction\",\"name\":\"Comment\",\"target\":[\"https:\\\/\\\/mulgielamuskeskus.ee\\\/lv\\\/koncerts-jaan-soot-17-augusta-plkst-1900-saja-augusta-nakti-tumsa-liela-top\\\/#respond\"]}]},{\"@type\":\"WebPage\",\"@id\":\"https:\\\/\\\/mulgielamuskeskus.ee\\\/lv\\\/koncerts-jaan-soot-17-augusta-plkst-1900-saja-augusta-nakti-tumsa-liela-top\\\/\",\"url\":\"https:\\\/\\\/mulgielamuskeskus.ee\\\/lv\\\/koncerts-jaan-soot-17-augusta-plkst-1900-saja-augusta-nakti-tumsa-liela-top\\\/\",\"name\":\"Koncerts: JAAN S\u00d6\u00d6T | 17. august\u0101 plkst. 19:00 | \u0160aj\u0101 augusta nakt\u012b tumsa liela top | Mulgi Elamuskeskus\",\"isPartOf\":{\"@id\":\"https:\\\/\\\/mulgielamuskeskus.ee\\\/#website\"},\"primaryImageOfPage\":{\"@id\":\"https:\\\/\\\/mulgielamuskeskus.ee\\\/lv\\\/koncerts-jaan-soot-17-augusta-plkst-1900-saja-augusta-nakti-tumsa-liela-top\\\/#primaryimage\"},\"image\":{\"@id\":\"https:\\\/\\\/mulgielamuskeskus.ee\\\/lv\\\/koncerts-jaan-soot-17-augusta-plkst-1900-saja-augusta-nakti-tumsa-liela-top\\\/#primaryimage\"},\"thumbnailUrl\":\"https:\\\/\\\/mulgielamuskeskus.ee\\\/wp-content\\\/uploads\\\/2023\\\/07\\\/Kodulehekulg-4.png\",\"datePublished\":\"2023-07-20T08:22:57+00:00\",\"dateModified\":\"2023-08-22T17:38:55+00:00\",\"breadcrumb\":{\"@id\":\"https:\\\/\\\/mulgielamuskeskus.ee\\\/lv\\\/koncerts-jaan-soot-17-augusta-plkst-1900-saja-augusta-nakti-tumsa-liela-top\\\/#breadcrumb\"},\"inLanguage\":\"lv-LV\",\"potentialAction\":[{\"@type\":\"ReadAction\",\"target\":[\"https:\\\/\\\/mulgielamuskeskus.ee\\\/lv\\\/koncerts-jaan-soot-17-augusta-plkst-1900-saja-augusta-nakti-tumsa-liela-top\\\/\"]}]},{\"@type\":\"ImageObject\",\"inLanguage\":\"lv-LV\",\"@id\":\"https:\\\/\\\/mulgielamuskeskus.ee\\\/lv\\\/koncerts-jaan-soot-17-augusta-plkst-1900-saja-augusta-nakti-tumsa-liela-top\\\/#primaryimage\",\"url\":\"https:\\\/\\\/mulgielamuskeskus.ee\\\/wp-content\\\/uploads\\\/2023\\\/07\\\/Kodulehekulg-4.png\",\"contentUrl\":\"https:\\\/\\\/mulgielamuskeskus.ee\\\/wp-content\\\/uploads\\\/2023\\\/07\\\/Kodulehekulg-4.png\",\"width\":1080,\"height\":1080},{\"@type\":\"BreadcrumbList\",\"@id\":\"https:\\\/\\\/mulgielamuskeskus.ee\\\/lv\\\/koncerts-jaan-soot-17-augusta-plkst-1900-saja-augusta-nakti-tumsa-liela-top\\\/#breadcrumb\",\"itemListElement\":[{\"@type\":\"ListItem\",\"position\":1,\"name\":\"Home\",\"item\":\"https:\\\/\\\/mulgielamuskeskus.ee\\\/lv\\\/\"},{\"@type\":\"ListItem\",\"position\":2,\"name\":\"Koncerts: JAAN S\u00d6\u00d6T | 17. august\u0101 plkst. 19:00 | \u0160aj\u0101 augusta nakt\u012b tumsa liela top\"}]},{\"@type\":\"WebSite\",\"@id\":\"https:\\\/\\\/mulgielamuskeskus.ee\\\/#website\",\"url\":\"https:\\\/\\\/mulgielamuskeskus.ee\\\/\",\"name\":\"Mulgi Elamuskeskus\",\"description\":\"\",\"publisher\":{\"@id\":\"https:\\\/\\\/mulgielamuskeskus.ee\\\/#organization\"},\"potentialAction\":[{\"@type\":\"SearchAction\",\"target\":{\"@type\":\"EntryPoint\",\"urlTemplate\":\"https:\\\/\\\/mulgielamuskeskus.ee\\\/?s={search_term_string}\"},\"query-input\":{\"@type\":\"PropertyValueSpecification\",\"valueRequired\":true,\"valueName\":\"search_term_string\"}}],\"inLanguage\":\"lv-LV\"},{\"@type\":\"Organization\",\"@id\":\"https:\\\/\\\/mulgielamuskeskus.ee\\\/#organization\",\"name\":\"Mulgi Elamuskeskus MT\u00dc\",\"url\":\"https:\\\/\\\/mulgielamuskeskus.ee\\\/\",\"logo\":{\"@type\":\"ImageObject\",\"inLanguage\":\"lv-LV\",\"@id\":\"https:\\\/\\\/mulgielamuskeskus.ee\\\/#\\\/schema\\\/logo\\\/image\\\/\",\"url\":\"https:\\\/\\\/mulgielamuskeskus.ee\\\/wp-content\\\/uploads\\\/2022\\\/05\\\/MulgiElamuskeskus_ico.jpg\",\"contentUrl\":\"https:\\\/\\\/mulgielamuskeskus.ee\\\/wp-content\\\/uploads\\\/2022\\\/05\\\/MulgiElamuskeskus_ico.jpg\",\"width\":520,\"height\":520,\"caption\":\"Mulgi Elamuskeskus MT\u00dc\"},\"image\":{\"@id\":\"https:\\\/\\\/mulgielamuskeskus.ee\\\/#\\\/schema\\\/logo\\\/image\\\/\"},\"sameAs\":[\"https:\\\/\\\/www.facebook.com\\\/mulgielamuskeskus\",\"https:\\\/\\\/www.instagram.com\\\/mulgielamuskeskus\\\/\"]},{\"@type\":\"Person\",\"@id\":\"https:\\\/\\\/mulgielamuskeskus.ee\\\/#\\\/schema\\\/person\\\/0d0f106c52f9cb7be40dd1314105844e\",\"name\":\"Sandra k\u00f5ressaar\",\"image\":{\"@type\":\"ImageObject\",\"inLanguage\":\"lv-LV\",\"@id\":\"https:\\\/\\\/secure.gravatar.com\\\/avatar\\\/0381271e5f625bced78f2b6995ad533facf19634f32a3173c0d0c75e5e3c9348?s=96&d=mm&r=g\",\"url\":\"https:\\\/\\\/secure.gravatar.com\\\/avatar\\\/0381271e5f625bced78f2b6995ad533facf19634f32a3173c0d0c75e5e3c9348?s=96&d=mm&r=g\",\"contentUrl\":\"https:\\\/\\\/secure.gravatar.com\\\/avatar\\\/0381271e5f625bced78f2b6995ad533facf19634f32a3173c0d0c75e5e3c9348?s=96&d=mm&r=g\",\"caption\":\"Sandra k\u00f5ressaar\"},\"url\":\"https:\\\/\\\/mulgielamuskeskus.ee\\\/lv\\\/author\\\/turundusjuht\\\/\"}]}<\/script>\n<!-- \/ Yoast SEO plugin. -->","yoast_head_json":{"title":"Koncerts: JAAN S\u00d6\u00d6T | 17. august\u0101 plkst. 19:00 | \u0160aj\u0101 augusta nakt\u012b tumsa liela top | Mulgi Elamuskeskus","robots":{"index":"index","follow":"follow","max-snippet":"max-snippet:-1","max-image-preview":"max-image-preview:large","max-video-preview":"max-video-preview:-1"},"canonical":"https:\/\/mulgielamuskeskus.ee\/lv\/koncerts-jaan-soot-17-augusta-plkst-1900-saja-augusta-nakti-tumsa-liela-top\/","og_locale":"lv_LV","og_type":"article","og_title":"Koncerts: JAAN S\u00d6\u00d6T | 17. august\u0101 plkst. 19:00 | \u0160aj\u0101 augusta nakt\u012b tumsa liela top | Mulgi Elamuskeskus","og_description":"N\u0101c un pavadi skaistu augusta vakaru Mulgu piedz\u012bvojumu centr\u0101 kop\u0101 ar Jaan S\u00f6\u00f6t...","og_url":"https:\/\/mulgielamuskeskus.ee\/lv\/koncerts-jaan-soot-17-augusta-plkst-1900-saja-augusta-nakti-tumsa-liela-top\/","og_site_name":"Mulgi Elamuskeskus","article_publisher":"https:\/\/www.facebook.com\/mulgielamuskeskus","article_published_time":"2023-07-20T08:22:57+00:00","article_modified_time":"2023-08-22T17:38:55+00:00","og_image":[{"width":1080,"height":1080,"url":"https:\/\/mulgielamuskeskus.ee\/wp-content\/uploads\/2023\/07\/Kodulehekulg-4.png","type":"image\/png"}],"author":"Sandra k\u00f5ressaar","twitter_card":"summary_large_image","twitter_misc":{"Written by":"Sandra k\u00f5ressaar","Est. reading time":"1 minute"},"schema":{"@context":"https:\/\/schema.org","@graph":[{"@type":"Article","@id":"https:\/\/mulgielamuskeskus.ee\/lv\/koncerts-jaan-soot-17-augusta-plkst-1900-saja-augusta-nakti-tumsa-liela-top\/#article","isPartOf":{"@id":"https:\/\/mulgielamuskeskus.ee\/lv\/koncerts-jaan-soot-17-augusta-plkst-1900-saja-augusta-nakti-tumsa-liela-top\/"},"author":{"name":"Sandra k\u00f5ressaar","@id":"https:\/\/mulgielamuskeskus.ee\/#\/schema\/person\/0d0f106c52f9cb7be40dd1314105844e"},"headline":"Koncerts: JAAN S\u00d6\u00d6T | 17. august\u0101 plkst. 19:00 | \u0160aj\u0101 augusta nakt\u012b tumsa liela top","datePublished":"2023-07-20T08:22:57+00:00","dateModified":"2023-08-22T17:38:55+00:00","mainEntityOfPage":{"@id":"https:\/\/mulgielamuskeskus.ee\/lv\/koncerts-jaan-soot-17-augusta-plkst-1900-saja-augusta-nakti-tumsa-liela-top\/"},"wordCount":197,"commentCount":0,"publisher":{"@id":"https:\/\/mulgielamuskeskus.ee\/#organization"},"image":{"@id":"https:\/\/mulgielamuskeskus.ee\/lv\/koncerts-jaan-soot-17-augusta-plkst-1900-saja-augusta-nakti-tumsa-liela-top\/#primaryimage"},"thumbnailUrl":"https:\/\/mulgielamuskeskus.ee\/wp-content\/uploads\/2023\/07\/Kodulehekulg-4.png","articleSection":["Notikumi"],"inLanguage":"lv-LV","potentialAction":[{"@type":"CommentAction","name":"Comment","target":["https:\/\/mulgielamuskeskus.ee\/lv\/koncerts-jaan-soot-17-augusta-plkst-1900-saja-augusta-nakti-tumsa-liela-top\/#respond"]}]},{"@type":"WebPage","@id":"https:\/\/mulgielamuskeskus.ee\/lv\/koncerts-jaan-soot-17-augusta-plkst-1900-saja-augusta-nakti-tumsa-liela-top\/","url":"https:\/\/mulgielamuskeskus.ee\/lv\/koncerts-jaan-soot-17-augusta-plkst-1900-saja-augusta-nakti-tumsa-liela-top\/","name":"Koncerts: JAAN S\u00d6\u00d6T | 17. august\u0101 plkst. 19:00 | \u0160aj\u0101 augusta nakt\u012b tumsa liela top | Mulgi Elamuskeskus","isPartOf":{"@id":"https:\/\/mulgielamuskeskus.ee\/#website"},"primaryImageOfPage":{"@id":"https:\/\/mulgielamuskeskus.ee\/lv\/koncerts-jaan-soot-17-augusta-plkst-1900-saja-augusta-nakti-tumsa-liela-top\/#primaryimage"},"image":{"@id":"https:\/\/mulgielamuskeskus.ee\/lv\/koncerts-jaan-soot-17-augusta-plkst-1900-saja-augusta-nakti-tumsa-liela-top\/#primaryimage"},"thumbnailUrl":"https:\/\/mulgielamuskeskus.ee\/wp-content\/uploads\/2023\/07\/Kodulehekulg-4.png","datePublished":"2023-07-20T08:22:57+00:00","dateModified":"2023-08-22T17:38:55+00:00","breadcrumb":{"@id":"https:\/\/mulgielamuskeskus.ee\/lv\/koncerts-jaan-soot-17-augusta-plkst-1900-saja-augusta-nakti-tumsa-liela-top\/#breadcrumb"},"inLanguage":"lv-LV","potentialAction":[{"@type":"ReadAction","target":["https:\/\/mulgielamuskeskus.ee\/lv\/koncerts-jaan-soot-17-augusta-plkst-1900-saja-augusta-nakti-tumsa-liela-top\/"]}]},{"@type":"ImageObject","inLanguage":"lv-LV","@id":"https:\/\/mulgielamuskeskus.ee\/lv\/koncerts-jaan-soot-17-augusta-plkst-1900-saja-augusta-nakti-tumsa-liela-top\/#primaryimage","url":"https:\/\/mulgielamuskeskus.ee\/wp-content\/uploads\/2023\/07\/Kodulehekulg-4.png","contentUrl":"https:\/\/mulgielamuskeskus.ee\/wp-content\/uploads\/2023\/07\/Kodulehekulg-4.png","width":1080,"height":1080},{"@type":"BreadcrumbList","@id":"https:\/\/mulgielamuskeskus.ee\/lv\/koncerts-jaan-soot-17-augusta-plkst-1900-saja-augusta-nakti-tumsa-liela-top\/#breadcrumb","itemListElement":[{"@type":"ListItem","position":1,"name":"Home","item":"https:\/\/mulgielamuskeskus.ee\/lv\/"},{"@type":"ListItem","position":2,"name":"Koncerts: JAAN S\u00d6\u00d6T | 17. august\u0101 plkst. 19:00 | \u0160aj\u0101 augusta nakt\u012b tumsa liela top"}]},{"@type":"WebSite","@id":"https:\/\/mulgielamuskeskus.ee\/#website","url":"https:\/\/mulgielamuskeskus.ee\/","name":"Mulgi Elamuskeskus","description":"","publisher":{"@id":"https:\/\/mulgielamuskeskus.ee\/#organization"},"potentialAction":[{"@type":"SearchAction","target":{"@type":"EntryPoint","urlTemplate":"https:\/\/mulgielamuskeskus.ee\/?s={search_term_string}"},"query-input":{"@type":"PropertyValueSpecification","valueRequired":true,"valueName":"search_term_string"}}],"inLanguage":"lv-LV"},{"@type":"Organization","@id":"https:\/\/mulgielamuskeskus.ee\/#organization","name":"Mulgi Elamuskeskus MT\u00dc","url":"https:\/\/mulgielamuskeskus.ee\/","logo":{"@type":"ImageObject","inLanguage":"lv-LV","@id":"https:\/\/mulgielamuskeskus.ee\/#\/schema\/logo\/image\/","url":"https:\/\/mulgielamuskeskus.ee\/wp-content\/uploads\/2022\/05\/MulgiElamuskeskus_ico.jpg","contentUrl":"https:\/\/mulgielamuskeskus.ee\/wp-content\/uploads\/2022\/05\/MulgiElamuskeskus_ico.jpg","width":520,"height":520,"caption":"Mulgi Elamuskeskus MT\u00dc"},"image":{"@id":"https:\/\/mulgielamuskeskus.ee\/#\/schema\/logo\/image\/"},"sameAs":["https:\/\/www.facebook.com\/mulgielamuskeskus","https:\/\/www.instagram.com\/mulgielamuskeskus\/"]},{"@type":"Person","@id":"https:\/\/mulgielamuskeskus.ee\/#\/schema\/person\/0d0f106c52f9cb7be40dd1314105844e","name":"Sandra k\u00f5ressaar","image":{"@type":"ImageObject","inLanguage":"lv-LV","@id":"https:\/\/secure.gravatar.com\/avatar\/0381271e5f625bced78f2b6995ad533facf19634f32a3173c0d0c75e5e3c9348?s=96&d=mm&r=g","url":"https:\/\/secure.gravatar.com\/avatar\/0381271e5f625bced78f2b6995ad533facf19634f32a3173c0d0c75e5e3c9348?s=96&d=mm&r=g","contentUrl":"https:\/\/secure.gravatar.com\/avatar\/0381271e5f625bced78f2b6995ad533facf19634f32a3173c0d0c75e5e3c9348?s=96&d=mm&r=g","caption":"Sandra k\u00f5ressaar"},"url":"https:\/\/mulgielamuskeskus.ee\/lv\/author\/turundusjuht\/"}]}},"_links":{"self":[{"href":"https:\/\/mulgielamuskeskus.ee\/lv\/wp-json\/wp\/v2\/posts\/1945","targetHints":{"allow":["GET"]}}],"collection":[{"href":"https:\/\/mulgielamuskeskus.ee\/lv\/wp-json\/wp\/v2\/posts"}],"about":[{"href":"https:\/\/mulgielamuskeskus.ee\/lv\/wp-json\/wp\/v2\/types\/post"}],"author":[{"embeddable":true,"href":"https:\/\/mulgielamuskeskus.ee\/lv\/wp-json\/wp\/v2\/users\/4"}],"replies":[{"embeddable":true,"href":"https:\/\/mulgielamuskeskus.ee\/lv\/wp-json\/wp\/v2\/comments?post=1945"}],"version-history":[{"count":1,"href":"https:\/\/mulgielamuskeskus.ee\/lv\/wp-json\/wp\/v2\/posts\/1945\/revisions"}],"predecessor-version":[{"id":1946,"href":"https:\/\/mulgielamuskeskus.ee\/lv\/wp-json\/wp\/v2\/posts\/1945\/revisions\/1946"}],"wp:featuredmedia":[{"embeddable":true,"href":"https:\/\/mulgielamuskeskus.ee\/lv\/wp-json\/wp\/v2\/media\/1692"}],"wp:attachment":[{"href":"https:\/\/mulgielamuskeskus.ee\/lv\/wp-json\/wp\/v2\/media?parent=1945"}],"wp:term":[{"taxonomy":"category","embeddable":true,"href":"https:\/\/mulgielamuskeskus.ee\/lv\/wp-json\/wp\/v2\/categories?post=1945"},{"taxonomy":"post_tag","embeddable":true,"href":"https:\/\/mulgielamuskeskus.ee\/lv\/wp-json\/wp\/v2\/tags?post=1945"}],"curies":[{"name":"wp","href":"https:\/\/api.w.org\/{rel}","templated":true}]}}